{"id":3538,"date":"2023-11-22T20:41:50","date_gmt":"2023-11-22T20:41:50","guid":{"rendered":"https:\/\/www.audiokiss.com\/tvlatina\/?p=3538"},"modified":"2023-11-22T20:41:50","modified_gmt":"2023-11-22T20:41:50","slug":"ta-te-ti-baby-kids-abre-sus-puertas-a-un-publico-infanto-juvenil","status":"publish","type":"post","link":"https:\/\/www.audiokiss.com\/tvlatina\/2023\/11\/22\/ta-te-ti-baby-kids-abre-sus-puertas-a-un-publico-infanto-juvenil\/","title":{"rendered":"TA TE T\u00cd BABY &amp; KIDS ABRE SUS PUERTAS A UN P\u00daBLICO INFANTO JUVENIL"},"content":{"rendered":"<p class=\"s3\"><span class=\"s4\"><span class=\"bumpedFont15\">T<\/span><\/span><span class=\"s4\"><span class=\"bumpedFont15\">A TE T\u00cd<\/span><\/span> <span class=\"s4\"><span class=\"bumpedFont15\">BABY &amp; KIDS <\/span><\/span><span class=\"s4\"><span class=\"bumpedFont15\">nace con la idea de reunir varias marcas del rubro <\/span><\/span><span class=\"s4\"><span class=\"bumpedFont15\">infanto<\/span><\/span> <span class=\"s4\"><span class=\"bumpedFont15\">&#8211; <\/span><\/span><span class=\"s4\"><span class=\"bumpedFont15\">juvenil<\/span><\/span><span class=\"s4\"><span class=\"bumpedFont15\"> que<\/span><\/span><span class=\"s4\"><span class=\"bumpedFont15\"> antes<\/span><\/span><span class=\"s4\"><span class=\"bumpedFont15\"> no ten\u00edan un espacio f\u00edsico donde recibir a sus clientes<\/span><\/span> <span class=\"s4\"><span class=\"bumpedFont15\">en un solo lugar<\/span><\/span><span class=\"s4\"><span class=\"bumpedFont15\">. <\/span><\/span><\/p>\n<p class=\"s3\"><span class=\"s4\"><span class=\"bumpedFont15\">Las creadoras y socias de la tienda <\/span><\/span><span class=\"s4\"><span class=\"bumpedFont15\">multimarcas<\/span><\/span><span class=\"s4\"><span class=\"bumpedFont15\"> TA TE T\u00cd BABY &amp; <\/span><\/span><span class=\"s4\"><span class=\"bumpedFont15\">KIDS, las <\/span><\/span><span class=\"s4\"><span class=\"bumpedFont15\">hermanas<\/span><\/span> <span class=\"s4\"><span class=\"bumpedFont15\">Carol y Laura Zelaya junto a Pamela Morales, realizaron la apertura de la misma<\/span><\/span><span class=\"s4\"><span class=\"bumpedFont15\">,<\/span><\/span><span class=\"s4\"><span class=\"bumpedFont15\"> con el tradicional corte de cinta ante sus familiares e invitados especiales.<\/span><\/span><\/p>\n<p class=\"s3\"><span class=\"s4\"><span class=\"bumpedFont15\">TA TE T<\/span><\/span><span class=\"s4\"><span class=\"bumpedFont15\">\u00cd<\/span><\/span> <span class=\"s4\"><span class=\"bumpedFont15\">BABY &amp; KIDS <\/span><\/span><span class=\"s4\"><span class=\"bumpedFont15\">esta u<\/span><\/span><span class=\"s4\"><span class=\"bumpedFont15\">bicad<\/span><\/span><span class=\"s4\"><span class=\"bumpedFont15\">a<\/span><\/span><span class=\"s4\"><span class=\"bumpedFont15\"> estrat\u00e9gicamente para ofrecer una amplia variedad de productos para beb\u00e9s<\/span><\/span><span class=\"s4\"><span class=\"bumpedFont15\">,<\/span><\/span><span class=\"s4\"><span class=\"bumpedFont15\">desd<\/span><\/span><span class=\"s4\"><span class=\"bumpedFont15\">e reci\u00e9n nacidos hasta <\/span><\/span><span class=\"s4\"><span class=\"bumpedFont15\">ni\u00f1os de<\/span><\/span><span class=\"s4\"><span class=\"bumpedFont15\"> 12 a\u00f1os<\/span><\/span><span class=\"s4\"><span class=\"bumpedFont15\"> de edad.<\/span><\/span><\/p>\n<p class=\"s3\"><span class=\"s4\"><span class=\"bumpedFont15\">\u201c<\/span><\/span><span class=\"s4\"><span class=\"bumpedFont15\">Detr\u00e1s de <\/span><\/span><span class=\"s4\"><span class=\"bumpedFont15\">TA TE <\/span><\/span><span class=\"s4\"><span class=\"bumpedFont15\">TI BABY &amp; KIDS<\/span><\/span><span class=\"s4\"><span class=\"bumpedFont15\"> hay 12 marcas de mujeres <\/span><\/span><span class=\"s4\"><span class=\"bumpedFont15\">q<\/span><\/span><span class=\"s4\"><span class=\"bumpedFont15\">u<\/span><\/span><span class=\"s4\"><span class=\"bumpedFont15\">e son<\/span><\/span><span class=\"s4\"><span class=\"bumpedFont15\"> madres<\/span><\/span><span class=\"s4\"><span class=\"bumpedFont15\"> y<\/span><\/span><span class=\"s4\"><span class=\"bumpedFont15\"> emprendedoras<\/span><\/span><span class=\"s4\"><span class=\"bumpedFont15\">,<\/span><\/span><span class=\"s4\"><span class=\"bumpedFont15\"> qu<\/span><\/span><span class=\"s4\"><span class=\"bumpedFont15\">i<\/span><\/span><span class=\"s4\"><span class=\"bumpedFont15\">e<\/span><\/span><span class=\"s4\"><span class=\"bumpedFont15\">nes <\/span><\/span><span class=\"s4\"><span class=\"bumpedFont15\">hoy pueden materializar sus sue\u00f1os<\/span><\/span><span class=\"s4\"><span class=\"bumpedFont15\">\u201d, se<\/span><\/span><span class=\"s4\"><span class=\"bumpedFont15\">\u00f1al\u00f3 Laura Zelaya<\/span><\/span><span class=\"s4\"><span class=\"bumpedFont15\">, <\/span><\/span><span class=\"s4\"><span class=\"bumpedFont15\">socia de la tienda.<\/span><\/span><\/p>\n<p class=\"s3\"><span class=\"s4\"><span class=\"bumpedFont15\">\u201c<\/span><\/span><span class=\"s4\"><span class=\"bumpedFont15\">El nombre de <\/span><\/span><span class=\"s4\"><span class=\"bumpedFont15\">TA TE <\/span><\/span><span class=\"s4\"><span class=\"bumpedFont15\">T\u00cd <\/span><\/span><span class=\"s4\"><span class=\"bumpedFont15\">es <\/span><\/span><span class=\"s4\"><span class=\"bumpedFont15\">conocido tambi\u00e9n como<\/span><\/span><span class=\"s4\"><span class=\"bumpedFont15\">: <\/span><\/span><span class=\"s4\"><span class=\"bumpedFont15\">\u2018<\/span><\/span><span class=\"s4\"><span class=\"bumpedFont15\">T<\/span><\/span><span class=\"s4\"><span class=\"bumpedFont15\">res<\/span><\/span><span class=\"s4\"><span class=\"bumpedFont15\">en <\/span><\/span><span class=\"s4\"><span class=\"bumpedFont15\">R<\/span><\/span><span class=\"s4\"><span class=\"bumpedFont15\">aya<\/span><\/span><span class=\"s4\"><span class=\"bumpedFont15\">\u2019<\/span><\/span><span class=\"s4\"><span class=\"bumpedFont15\">, <\/span><\/span><span class=\"s4\"><span class=\"bumpedFont15\">un juego en el que se gana cuando <\/span><\/span><span class=\"s4\"><span class=\"bumpedFont15\">tres<\/span><\/span><span class=\"s4\"><span class=\"bumpedFont15\"> piezas se <\/span><\/span><span class=\"s4\"><span class=\"bumpedFont15\">alinean<\/span><\/span><span class=\"s4\"><span class=\"bumpedFont15\">. <\/span><\/span><span class=\"s4\"><span class=\"bumpedFont15\">E<\/span><\/span><span class=\"s4\"><span class=\"bumpedFont15\">s corto, f\u00e1cil de pronunciar y recordar, fue el elegido porque representa a las <\/span><\/span><span class=\"s4\"><span class=\"bumpedFont15\">tres<\/span><\/span><span class=\"s4\"><span class=\"bumpedFont15\"> creadoras de la tienda que por coincidencias de la vida<\/span><\/span><span class=\"s4\"><span class=\"bumpedFont15\">, <\/span><\/span><span class=\"s4\"><span class=\"bumpedFont15\">nos conocimos <\/span><\/span><span class=\"s4\"><span class=\"bumpedFont15\">con las hermanas Zelaya <\/span><\/span><span class=\"s4\"><span class=\"bumpedFont15\">e<\/span><\/span><span class=\"s4\"><span class=\"bumpedFont15\">n<\/span><\/span> <span class=\"s4\"><span class=\"bumpedFont15\">una feria de <\/span><\/span><span class=\"s4\"><span class=\"bumpedFont15\">emprendedores<\/span><\/span><span class=\"s4\"><span class=\"bumpedFont15\"> y<\/span><\/span><span class=\"s4\"><span class=\"bumpedFont15\"> desde all\u00ed<\/span><\/span><span class=\"s4\"><span class=\"bumpedFont15\">logr<\/span><\/span><span class=\"s4\"><span class=\"bumpedFont15\">amos<\/span><\/span><span class=\"s4\"><span class=\"bumpedFont15\"> un v\u00ednculo genuino<\/span><\/span><span class=\"s4\"><span class=\"bumpedFont15\"> al<\/span><\/span><span class=\"s4\"><span class=\"bumpedFont15\"> que <\/span><\/span><span class=\"s4\"><span class=\"bumpedFont15\">llamamos <\/span><\/span><span class=\"s4\"><span class=\"bumpedFont15\">\u2018<\/span><\/span><span class=\"s4\"><span class=\"bumpedFont15\">diosidencia<\/span><\/span><span class=\"s4\"><span class=\"bumpedFont15\">\u2019<\/span><\/span><span class=\"s4\"><span class=\"bumpedFont15\">que<\/span><\/span> <span class=\"s4\"><span class=\"bumpedFont15\">es <\/span><\/span><span class=\"s4\"><span class=\"bumpedFont15\">una <\/span><\/span><span class=\"s4\"><span class=\"bumpedFont15\">conexi\u00f3n<\/span><\/span> <span class=\"s4\"><span class=\"bumpedFont15\">q<\/span><\/span><span class=\"s4\"><span class=\"bumpedFont15\">ue<\/span><\/span><span class=\"s4\"><span class=\"bumpedFont15\"> pocas veces sucede<\/span><\/span><span class=\"s4\"><span class=\"bumpedFont15\">,<\/span><\/span><span class=\"s4\"><span class=\"bumpedFont15\"> dando como resultado este hermoso proyecto<\/span><\/span><span class=\"s4\"><span class=\"bumpedFont15\"> que ya es una realidad<\/span><\/span><span class=\"s4\"><span class=\"bumpedFont15\">\u201d, <\/span><\/span><span class=\"s4\"><span class=\"bumpedFont15\">explic\u00f3 Pamela Morales, socia<\/span><\/span><span class=\"s4\"><span class=\"bumpedFont15\"> de la tienda.<\/span><\/span><\/p>\n<p class=\"s3\"><span class=\"s4\"><span class=\"bumpedFont15\">\u201c<\/span><\/span><span class=\"s4\"><span class=\"bumpedFont15\">E<\/span><\/span><span class=\"s4\"><span class=\"bumpedFont15\">speramos <\/span><\/span><span class=\"s4\"><span class=\"bumpedFont15\">en TA TE <\/span><\/span><span class=\"s4\"><span class=\"bumpedFont15\">T\u00cd <\/span><\/span><span class=\"s4\"><span class=\"bumpedFont15\">a <\/span><\/span><span class=\"s4\"><span class=\"bumpedFont15\">la <\/span><\/span><span class=\"s4\"><span class=\"bumpedFont15\">familia<\/span><\/span> <span class=\"s4\"><span class=\"bumpedFont15\">en general y madres primerizas<\/span><\/span><span class=\"s4\"><span class=\"bumpedFont15\"> que quieran <\/span><\/span><span class=\"s4\"><span class=\"bumpedFont15\">encontrar<\/span><\/span><span class=\"s4\"><span class=\"bumpedFont15\"> todo en un<\/span><\/span> <span class=\"s4\"><span class=\"bumpedFont15\">solo lugar<\/span><\/span><span class=\"s4\"><span class=\"bumpedFont15\">, <\/span><\/span><span class=\"s4\"><span class=\"bumpedFont15\">l<\/span><\/span><span class=\"s4\"><span class=\"bumpedFont15\">a atenci\u00f3n es <\/span><\/span><span class=\"s4\"><span class=\"bumpedFont15\">de lunes a s\u00e1bados<\/span><\/span><span class=\"s4\"><span class=\"bumpedFont15\">\u201d, indic\u00f3 <\/span><\/span><span class=\"s4\"><span class=\"bumpedFont15\">la socia, Carol Zelaya. <\/span><\/span><\/p>\n<p class=\"s3\"><span class=\"s4\"><span class=\"bumpedFont15\">Los asistentes <\/span><\/span><span class=\"s4\"><span class=\"bumpedFont15\">compartieron<\/span><\/span><span class=\"s4\"><span class=\"bumpedFont15\"> un delicioso catering y champagne. <\/span><\/span><\/p>\n<p class=\"s3\">\n<p class=\"s3\"><span class=\"s5\"><span class=\"bumpedFont15\">\ud83d\udfe1<\/span><\/span><span class=\"s4\"><span class=\"bumpedFont15\">HORARIO<\/span><\/span><span class=\"s4\"><span class=\"bumpedFont15\"> LUNES A VIERNES<\/span><\/span><\/p>\n<p class=\"s3\"><span class=\"s4\"><span class=\"bumpedFont15\">10:00<\/span><\/span> <span class=\"s4\"><span class=\"bumpedFont15\">AM A 20:00 PM<\/span><\/span><\/p>\n<p class=\"s3\"><span class=\"s4\"><span class=\"bumpedFont15\">S<\/span><\/span><span class=\"s4\"><span class=\"bumpedFont15\">\u00c1<\/span><\/span><span class=\"s4\"><span class=\"bumpedFont15\">BADO: 10:00 AM. A 18:00 <\/span><\/span><span class=\"s4\"><span class=\"bumpedFont15\">PM<\/span><\/span><\/p>\n<p class=\"s3\"><span class=\"s5\"><span class=\"bumpedFont15\">\ud83d\udd34<\/span><\/span><span class=\"s4\"><span class=\"bumpedFont15\"> UBICACI\u00d3N <\/span><\/span><\/p>\n<p class=\"s3\"><span class=\"s4\"><span class=\"bumpedFont15\">Av. Beni <\/span><\/span><span class=\"s4\"><span class=\"bumpedFont15\">casi <\/span><\/span><span class=\"s4\"><span class=\"bumpedFont15\">4to<\/span><\/span><span class=\"s4\"><span class=\"bumpedFont15\">.<\/span><\/span><span class=\"s4\"><span class=\"bumpedFont15\"> anillo <\/span><\/span><span class=\"s4\"><span class=\"bumpedFont15\">de circunvalaci\u00f3n<\/span><\/span><span class=\"s4\"><span class=\"bumpedFont15\">,<\/span><\/span> <span class=\"s4\"><span class=\"bumpedFont15\">esq. Luc\u00eda Mercado<\/span><\/span><\/p>\n<p><iframe title=\"Gran Inauguraci\u00f3n  TA TE T\u00cd \ud83c\udf89\ud83c\udf8a\ud83c\udf88\ud83c\udf80 BABY &amp; KIDS\ud83d\udccd\" width=\"1170\" height=\"658\" src=\"https:\/\/www.youtube.com\/embed\/UDq13TnggsY?feature=oembed\" frameborder=\"0\" allow=\"accelerometer; autoplay; clipboard-write; encrypted-media; gyroscope; picture-in-picture; web-share\" allowfullscreen><\/iframe><\/p>\n","protected":false},"excerpt":{"rendered":"<p>TA TE T\u00cd BABY &amp; KIDS nace con la idea de reunir varias marcas del rubro infanto &#8211; juvenil que antes no ten\u00edan un espacio f\u00edsico donde recibir a sus clientes en un solo lugar. Las creadoras y socias de la tienda multimarcas TA TE T\u00cd BABY &amp; KIDS, las [&hellip;]<\/p>\n","protected":false},"author":4,"featured_media":3539,"comment_status":"closed","ping_status":"closed","sticky":false,"template":"","format":"standard","meta":{"footnotes":""},"categories":[29],"tags":[],"class_list":["post-3538","post","type-post","status-publish","format-standard","has-post-thumbnail","hentry","category-nacional"],"_links":{"self":[{"href":"https:\/\/www.audiokiss.com\/tvlatina\/wp-json\/wp\/v2\/posts\/3538","targetHints":{"allow":["GET"]}}],"collection":[{"href":"https:\/\/www.audiokiss.com\/tvlatina\/wp-json\/wp\/v2\/posts"}],"about":[{"href":"https:\/\/www.audiokiss.com\/tvlatina\/wp-json\/wp\/v2\/types\/post"}],"author":[{"embeddable":true,"href":"https:\/\/www.audiokiss.com\/tvlatina\/wp-json\/wp\/v2\/users\/4"}],"replies":[{"embeddable":true,"href":"https:\/\/www.audiokiss.com\/tvlatina\/wp-json\/wp\/v2\/comments?post=3538"}],"version-history":[{"count":0,"href":"https:\/\/www.audiokiss.com\/tvlatina\/wp-json\/wp\/v2\/posts\/3538\/revisions"}],"wp:featuredmedia":[{"embeddable":true,"href":"https:\/\/www.audiokiss.com\/tvlatina\/wp-json\/wp\/v2\/media\/3539"}],"wp:attachment":[{"href":"https:\/\/www.audiokiss.com\/tvlatina\/wp-json\/wp\/v2\/media?parent=3538"}],"wp:term":[{"taxonomy":"category","embeddable":true,"href":"https:\/\/www.audiokiss.com\/tvlatina\/wp-json\/wp\/v2\/categories?post=3538"},{"taxonomy":"post_tag","embeddable":true,"href":"https:\/\/www.audiokiss.com\/tvlatina\/wp-json\/wp\/v2\/tags?post=3538"}],"curies":[{"name":"wp","href":"https:\/\/api.w.org\/{rel}","templated":true}]}}