{"id":4926,"date":"2024-08-23T15:19:03","date_gmt":"2024-08-23T15:19:03","guid":{"rendered":"https:\/\/www.audiokiss.com\/tvlatina\/?p=4926"},"modified":"2024-08-23T15:19:03","modified_gmt":"2024-08-23T15:19:03","slug":"con-ofrenda-floral-conmemoran-el-87-aniversario-de-la-muerte-de-german-busch","status":"publish","type":"post","link":"https:\/\/www.audiokiss.com\/tvlatina\/2024\/08\/23\/con-ofrenda-floral-conmemoran-el-87-aniversario-de-la-muerte-de-german-busch\/","title":{"rendered":"Con ofrenda floral conmemoran el 87 aniversario de la muerte de Germ\u00e1n Busch"},"content":{"rendered":"<p>Con ofrenda floral conmemoran el 87 aniversario de la muerte de Germ\u00e1n Busch<\/p>\n<p>Reconocimiento. Gracias al expresidente se aprob\u00f3 la ley de regal\u00edas del 11%, que permiti\u00f3 el progreso y desarrollo econ\u00f3mico de Santa Cruz<\/p>\n<p>Santa Cruz, 23 de agosto 2024. Autoridades y representantes de instituciones cruce\u00f1as entregaron una ofrenda floral al monumento del expresidente de Bolivia Germ\u00e1n Busch conmemorando el aniversario 87 de la muerte del que fue el notable cruce\u00f1o que consigui\u00f3 importantes logros para el departamento de Santa Cruz.<\/p>\n<p>En el lugar, Patricia Viera, secretar\u00eda de Gesti\u00f3n Institucional, resalt\u00f3 la trayectoria de Busch y la importancia que debe darle la sociedad al expresidente cruce\u00f1o.<\/p>\n<p>\u00abEs muy importante que nosotros conozcamos sobre los l\u00edderes, sobre las figuras notables, en este caso un pr\u00f3cer de la Rep\u00fablica, un presidente cruce\u00f1o que gracias a la aprobaci\u00f3n de la Ley de las regal\u00edas del 11% pudo contribuir al desarrollo econ\u00f3mico y productivo de nuestro departamento\u00bb, destac\u00f3 Viera.<\/p>\n<p>Agreg\u00f3 que como representante del Comit\u00e9 &#8216;200 a\u00f1os, Siempre Libres&#8217;, est\u00e1n participando de actos conmemorativos de figuras notables del departamento cruce\u00f1o.<\/p>\n<p>&nbsp;<\/p>\n<p>&nbsp;<\/p>\n\n\t\t<style>\n\t\t\t#gallery-1 {\n\t\t\t\tmargin: auto;\n\t\t\t}\n\t\t\t#gallery-1 .gallery-item {\n\t\t\t\tfloat: left;\n\t\t\t\tmargin-top: 10px;\n\t\t\t\ttext-align: center;\n\t\t\t\twidth: 33%;\n\t\t\t}\n\t\t\t#gallery-1 img {\n\t\t\t\tborder: 2px solid #cfcfcf;\n\t\t\t}\n\t\t\t#gallery-1 .gallery-caption {\n\t\t\t\tmargin-left: 0;\n\t\t\t}\n\t\t\t\/* see gallery_shortcode() in wp-includes\/media.php *\/\n\t\t<\/style>\n\t\t<div id='gallery-1' class='gallery galleryid-4926 gallery-columns-3 gallery-size-large'><dl class='gallery-item'>\n\t\t\t<dt class='gallery-icon landscape'>\n\t\t\t\t<a href='https:\/\/www.audiokiss.com\/tvlatina\/2024\/08\/23\/con-ofrenda-floral-conmemoran-el-87-aniversario-de-la-muerte-de-german-busch\/whatsapp-image-2024-08-23-at-11-12-14-am-1\/'><img fetchpriority=\"high\" decoding=\"async\" width=\"1170\" height=\"821\" src=\"https:\/\/www.audiokiss.com\/tvlatina\/wp-content\/uploads\/sites\/7\/2024\/08\/WhatsApp-Image-2024-08-23-at-11.12.14-AM-1.jpeg\" class=\"attachment-large size-large\" alt=\"\" srcset=\"https:\/\/www.audiokiss.com\/tvlatina\/wp-content\/uploads\/sites\/7\/2024\/08\/WhatsApp-Image-2024-08-23-at-11.12.14-AM-1.jpeg 1600w, https:\/\/www.audiokiss.com\/tvlatina\/wp-content\/uploads\/sites\/7\/2024\/08\/WhatsApp-Image-2024-08-23-at-11.12.14-AM-1-756x531.jpeg 756w, https:\/\/www.audiokiss.com\/tvlatina\/wp-content\/uploads\/sites\/7\/2024\/08\/WhatsApp-Image-2024-08-23-at-11.12.14-AM-1-768x539.jpeg 768w, https:\/\/www.audiokiss.com\/tvlatina\/wp-content\/uploads\/sites\/7\/2024\/08\/WhatsApp-Image-2024-08-23-at-11.12.14-AM-1-1536x1078.jpeg 1536w, https:\/\/www.audiokiss.com\/tvlatina\/wp-content\/uploads\/sites\/7\/2024\/08\/WhatsApp-Image-2024-08-23-at-11.12.14-AM-1-750x526.jpeg 750w, https:\/\/www.audiokiss.com\/tvlatina\/wp-content\/uploads\/sites\/7\/2024\/08\/WhatsApp-Image-2024-08-23-at-11.12.14-AM-1-1140x800.jpeg 1140w\" sizes=\"(max-width: 1170px) 100vw, 1170px\" \/><\/a>\n\t\t\t<\/dt><\/dl><dl class='gallery-item'>\n\t\t\t<dt class='gallery-icon landscape'>\n\t\t\t\t<a href='https:\/\/www.audiokiss.com\/tvlatina\/2024\/08\/23\/con-ofrenda-floral-conmemoran-el-87-aniversario-de-la-muerte-de-german-busch\/whatsapp-image-2024-08-23-at-11-12-15-am\/'><img decoding=\"async\" width=\"1170\" height=\"780\" src=\"https:\/\/www.audiokiss.com\/tvlatina\/wp-content\/uploads\/sites\/7\/2024\/08\/WhatsApp-Image-2024-08-23-at-11.12.15-AM.jpeg\" class=\"attachment-large size-large\" alt=\"\" srcset=\"https:\/\/www.audiokiss.com\/tvlatina\/wp-content\/uploads\/sites\/7\/2024\/08\/WhatsApp-Image-2024-08-23-at-11.12.15-AM.jpeg 1600w, https:\/\/www.audiokiss.com\/tvlatina\/wp-content\/uploads\/sites\/7\/2024\/08\/WhatsApp-Image-2024-08-23-at-11.12.15-AM-756x504.jpeg 756w, https:\/\/www.audiokiss.com\/tvlatina\/wp-content\/uploads\/sites\/7\/2024\/08\/WhatsApp-Image-2024-08-23-at-11.12.15-AM-768x512.jpeg 768w, https:\/\/www.audiokiss.com\/tvlatina\/wp-content\/uploads\/sites\/7\/2024\/08\/WhatsApp-Image-2024-08-23-at-11.12.15-AM-1536x1023.jpeg 1536w, https:\/\/www.audiokiss.com\/tvlatina\/wp-content\/uploads\/sites\/7\/2024\/08\/WhatsApp-Image-2024-08-23-at-11.12.15-AM-750x500.jpeg 750w, https:\/\/www.audiokiss.com\/tvlatina\/wp-content\/uploads\/sites\/7\/2024\/08\/WhatsApp-Image-2024-08-23-at-11.12.15-AM-1140x760.jpeg 1140w\" sizes=\"(max-width: 1170px) 100vw, 1170px\" \/><\/a>\n\t\t\t<\/dt><\/dl><dl class='gallery-item'>\n\t\t\t<dt class='gallery-icon landscape'>\n\t\t\t\t<a href='https:\/\/www.audiokiss.com\/tvlatina\/2024\/08\/23\/con-ofrenda-floral-conmemoran-el-87-aniversario-de-la-muerte-de-german-busch\/whatsapp-image-2024-08-23-at-11-12-16-am\/'><img decoding=\"async\" width=\"1170\" height=\"798\" src=\"https:\/\/www.audiokiss.com\/tvlatina\/wp-content\/uploads\/sites\/7\/2024\/08\/WhatsApp-Image-2024-08-23-at-11.12.16-AM.jpeg\" class=\"attachment-large size-large\" alt=\"\" srcset=\"https:\/\/www.audiokiss.com\/tvlatina\/wp-content\/uploads\/sites\/7\/2024\/08\/WhatsApp-Image-2024-08-23-at-11.12.16-AM.jpeg 1600w, https:\/\/www.audiokiss.com\/tvlatina\/wp-content\/uploads\/sites\/7\/2024\/08\/WhatsApp-Image-2024-08-23-at-11.12.16-AM-756x515.jpeg 756w, https:\/\/www.audiokiss.com\/tvlatina\/wp-content\/uploads\/sites\/7\/2024\/08\/WhatsApp-Image-2024-08-23-at-11.12.16-AM-768x524.jpeg 768w, https:\/\/www.audiokiss.com\/tvlatina\/wp-content\/uploads\/sites\/7\/2024\/08\/WhatsApp-Image-2024-08-23-at-11.12.16-AM-1536x1047.jpeg 1536w, https:\/\/www.audiokiss.com\/tvlatina\/wp-content\/uploads\/sites\/7\/2024\/08\/WhatsApp-Image-2024-08-23-at-11.12.16-AM-750x511.jpeg 750w, https:\/\/www.audiokiss.com\/tvlatina\/wp-content\/uploads\/sites\/7\/2024\/08\/WhatsApp-Image-2024-08-23-at-11.12.16-AM-1140x777.jpeg 1140w\" sizes=\"(max-width: 1170px) 100vw, 1170px\" \/><\/a>\n\t\t\t<\/dt><\/dl><br style=\"clear: both\" \/>\n\t\t<\/div>\n\n<p>&nbsp;<\/p>\n<p>\u00abEstamos destacando nuestra historia, nuestros pr\u00f3ceres, los valores y cultura de nosotros los cruce\u00f1os, nuestra identidad, nuestras instituciones e hitos que nos han tra\u00eddo al momento presente y que nos van a impulsar hacia un futuro que con seguridad va a ser de prosperidad y de beneficios para todos los cruce\u00f1os\u00bb, indic\u00f3 Viera, a tiempo de manifestar que se debe tener fe y seguir adelante, con alegr\u00eda con amor, porque los cruce\u00f1os siempre han logrado cumplir sus objetivos.<\/p>\n<p>Por su parte, Carlos Dabdoub, expresidente del Comit\u00e9 pro Santa Cruz, destac\u00f3 los importantes logros que Busch realiz\u00f3 para el departamento.<\/p>\n<p>&nbsp;<\/p>\n<p><img loading=\"lazy\" decoding=\"async\" width=\"495\" height=\"756\" class=\"alignnone size-medium wp-image-4931\" src=\"https:\/\/www.audiokiss.com\/tvlatina\/wp-content\/uploads\/sites\/7\/2024\/08\/WhatsApp-Image-2024-08-23-at-11.12.15-AM-1-495x756.jpeg\" alt=\"\" srcset=\"https:\/\/www.audiokiss.com\/tvlatina\/wp-content\/uploads\/sites\/7\/2024\/08\/WhatsApp-Image-2024-08-23-at-11.12.15-AM-1-495x756.jpeg 495w, https:\/\/www.audiokiss.com\/tvlatina\/wp-content\/uploads\/sites\/7\/2024\/08\/WhatsApp-Image-2024-08-23-at-11.12.15-AM-1-768x1174.jpeg 768w, https:\/\/www.audiokiss.com\/tvlatina\/wp-content\/uploads\/sites\/7\/2024\/08\/WhatsApp-Image-2024-08-23-at-11.12.15-AM-1-1005x1536.jpeg 1005w, https:\/\/www.audiokiss.com\/tvlatina\/wp-content\/uploads\/sites\/7\/2024\/08\/WhatsApp-Image-2024-08-23-at-11.12.15-AM-1-750x1146.jpeg 750w, https:\/\/www.audiokiss.com\/tvlatina\/wp-content\/uploads\/sites\/7\/2024\/08\/WhatsApp-Image-2024-08-23-at-11.12.15-AM-1.jpeg 1047w\" sizes=\"(max-width: 495px) 100vw, 495px\" \/><\/p>\n<p>&nbsp;<\/p>\n<p>\u00abApenas gobern\u00f3 771 d\u00edas; sin embargo, marc\u00f3 el rumbo del progreso de Santa Cruz y del pa\u00eds en su conjunto. Lo recordamos, primero, por haber firmado la ley del 11% que nos permiti\u00f3 iniciar el desarrollo en Santa Cruz, tambi\u00e9n firm\u00f3 un tratado internacional para la construcci\u00f3n de ferrocarriles al Brasil y a la Argentina y eso permiti\u00f3 tambi\u00e9n que Santa Cruz sea conocido en el mundo entero\u00bb, explic\u00f3 Dabdoub.<\/p>\n","protected":false},"excerpt":{"rendered":"<p>Con ofrenda floral conmemoran el 87 aniversario de la muerte de Germ\u00e1n Busch Reconocimiento. Gracias al expresidente se aprob\u00f3 la ley de regal\u00edas del 11%, que permiti\u00f3 el progreso y desarrollo econ\u00f3mico de Santa Cruz Santa Cruz, 23 de agosto 2024. Autoridades y representantes de instituciones cruce\u00f1as entregaron una ofrenda [&hellip;]<\/p>\n","protected":false},"author":4,"featured_media":4927,"comment_status":"closed","ping_status":"closed","sticky":false,"template":"","format":"standard","meta":{"footnotes":""},"categories":[29],"tags":[],"class_list":["post-4926","post","type-post","status-publish","format-standard","has-post-thumbnail","hentry","category-nacional"],"_links":{"self":[{"href":"https:\/\/www.audiokiss.com\/tvlatina\/wp-json\/wp\/v2\/posts\/4926","targetHints":{"allow":["GET"]}}],"collection":[{"href":"https:\/\/www.audiokiss.com\/tvlatina\/wp-json\/wp\/v2\/posts"}],"about":[{"href":"https:\/\/www.audiokiss.com\/tvlatina\/wp-json\/wp\/v2\/types\/post"}],"author":[{"embeddable":true,"href":"https:\/\/www.audiokiss.com\/tvlatina\/wp-json\/wp\/v2\/users\/4"}],"replies":[{"embeddable":true,"href":"https:\/\/www.audiokiss.com\/tvlatina\/wp-json\/wp\/v2\/comments?post=4926"}],"version-history":[{"count":0,"href":"https:\/\/www.audiokiss.com\/tvlatina\/wp-json\/wp\/v2\/posts\/4926\/revisions"}],"wp:featuredmedia":[{"embeddable":true,"href":"https:\/\/www.audiokiss.com\/tvlatina\/wp-json\/wp\/v2\/media\/4927"}],"wp:attachment":[{"href":"https:\/\/www.audiokiss.com\/tvlatina\/wp-json\/wp\/v2\/media?parent=4926"}],"wp:term":[{"taxonomy":"category","embeddable":true,"href":"https:\/\/www.audiokiss.com\/tvlatina\/wp-json\/wp\/v2\/categories?post=4926"},{"taxonomy":"post_tag","embeddable":true,"href":"https:\/\/www.audiokiss.com\/tvlatina\/wp-json\/wp\/v2\/tags?post=4926"}],"curies":[{"name":"wp","href":"https:\/\/api.w.org\/{rel}","templated":true}]}}