{"id":5321,"date":"2025-12-09T15:21:27","date_gmt":"2025-12-09T15:21:27","guid":{"rendered":"https:\/\/www.audiokiss.com\/tvlatina\/?p=5321"},"modified":"2025-12-09T15:21:31","modified_gmt":"2025-12-09T15:21:31","slug":"sofia-world-vision-y-fundares-impulsan-el-emprendimiento-juvenil-sostenible-a-traves-de-emprende-verde","status":"publish","type":"post","link":"https:\/\/www.audiokiss.com\/tvlatina\/2025\/12\/09\/sofia-world-vision-y-fundares-impulsan-el-emprendimiento-juvenil-sostenible-a-traves-de-emprende-verde\/","title":{"rendered":"Sof\u00eda, World Vision y Fundares impulsan el emprendimiento juvenil sostenible a trav\u00e9s de \u201cEmprende Verde\u201d"},"content":{"rendered":"<p>Con el objetivo de fortalecer el liderazgo y la sostenibilidad del ecosistema emprendedor joven, Sof\u00eda Ltda. consolid\u00f3 una alianza con Fundares y World Vision Bolivia para apoyar el programa \u201cEmprende Verde\u201d, una iniciativa que promueve el desarrollo de negocios responsables y sostenibles liderados por j\u00f3venes emprendedores de Cochabamba entre 18 y 33 a\u00f1os.<\/p>\n<p>A trav\u00e9s de esta colaboraci\u00f3n, Sof\u00eda reafirma su compromiso con la formaci\u00f3n de nuevas generaciones de emprendedores conscientes del impacto social y ambiental de sus proyectos. Los j\u00f3venes participantes, en su mayor\u00eda egresados del programa Youth Ready de World Vision, aplicaron la herramienta Ecocanvas para optimizar el aprovechamiento de residuos generados por sus negocios, adem\u00e1s de recibir mentor\u00edas y acompa\u00f1amiento en gesti\u00f3n empresarial, sostenibilidad y liderazgo.<\/p>\n<p>El programa cont\u00f3 con 146 participantes, quienes fortalecieron sus capacidades y accedieron a redes de apoyo que promueven una econom\u00eda m\u00e1s sostenible. La iniciativa est\u00e1 alineada con los Objetivos de Desarrollo Sostenible (ODS), en particular el ODS 4 (Educaci\u00f3n de calidad), el ODS 8 (Trabajo decente y crecimiento econ\u00f3mico), ODS 12 (Producci\u00f3n y consumo responsables), el ODS 13 (Acci\u00f3n por el clima) y el ODS 17 (Alianzas para lograr objetivos).<\/p>\n<p>&nbsp;<\/p>\n\n\t\t<style>\n\t\t\t#gallery-1 {\n\t\t\t\tmargin: auto;\n\t\t\t}\n\t\t\t#gallery-1 .gallery-item {\n\t\t\t\tfloat: left;\n\t\t\t\tmargin-top: 10px;\n\t\t\t\ttext-align: center;\n\t\t\t\twidth: 33%;\n\t\t\t}\n\t\t\t#gallery-1 img {\n\t\t\t\tborder: 2px solid #cfcfcf;\n\t\t\t}\n\t\t\t#gallery-1 .gallery-caption {\n\t\t\t\tmargin-left: 0;\n\t\t\t}\n\t\t\t\/* see gallery_shortcode() in wp-includes\/media.php *\/\n\t\t<\/style>\n\t\t<div id='gallery-1' class='gallery galleryid-5321 gallery-columns-3 gallery-size-large'><dl class='gallery-item'>\n\t\t\t<dt class='gallery-icon landscape'>\n\t\t\t\t<a href='https:\/\/www.audiokiss.com\/tvlatina\/2025\/12\/09\/sofia-world-vision-y-fundares-impulsan-el-emprendimiento-juvenil-sostenible-a-traves-de-emprende-verde\/imagen-de-whatsapp-2025-12-05-a-las-11-40-27_ec466cea\/'><img fetchpriority=\"high\" decoding=\"async\" width=\"1170\" height=\"1149\" src=\"https:\/\/www.audiokiss.com\/tvlatina\/wp-content\/uploads\/sites\/7\/2025\/12\/Imagen-de-WhatsApp-2025-12-05-a-las-11.40.27_ec466cea.jpg\" class=\"attachment-large size-large\" alt=\"\" srcset=\"https:\/\/www.audiokiss.com\/tvlatina\/wp-content\/uploads\/sites\/7\/2025\/12\/Imagen-de-WhatsApp-2025-12-05-a-las-11.40.27_ec466cea.jpg 1280w, https:\/\/www.audiokiss.com\/tvlatina\/wp-content\/uploads\/sites\/7\/2025\/12\/Imagen-de-WhatsApp-2025-12-05-a-las-11.40.27_ec466cea-756x742.jpg 756w, https:\/\/www.audiokiss.com\/tvlatina\/wp-content\/uploads\/sites\/7\/2025\/12\/Imagen-de-WhatsApp-2025-12-05-a-las-11.40.27_ec466cea-768x754.jpg 768w, https:\/\/www.audiokiss.com\/tvlatina\/wp-content\/uploads\/sites\/7\/2025\/12\/Imagen-de-WhatsApp-2025-12-05-a-las-11.40.27_ec466cea-60x60.jpg 60w, https:\/\/www.audiokiss.com\/tvlatina\/wp-content\/uploads\/sites\/7\/2025\/12\/Imagen-de-WhatsApp-2025-12-05-a-las-11.40.27_ec466cea-75x75.jpg 75w, https:\/\/www.audiokiss.com\/tvlatina\/wp-content\/uploads\/sites\/7\/2025\/12\/Imagen-de-WhatsApp-2025-12-05-a-las-11.40.27_ec466cea-750x737.jpg 750w, https:\/\/www.audiokiss.com\/tvlatina\/wp-content\/uploads\/sites\/7\/2025\/12\/Imagen-de-WhatsApp-2025-12-05-a-las-11.40.27_ec466cea-1140x1120.jpg 1140w\" sizes=\"(max-width: 1170px) 100vw, 1170px\" \/><\/a>\n\t\t\t<\/dt><\/dl><dl class='gallery-item'>\n\t\t\t<dt class='gallery-icon landscape'>\n\t\t\t\t<a href='https:\/\/www.audiokiss.com\/tvlatina\/2025\/12\/09\/sofia-world-vision-y-fundares-impulsan-el-emprendimiento-juvenil-sostenible-a-traves-de-emprende-verde\/imagen-de-whatsapp-2025-12-05-a-las-11-40-28_8fe8d5b2\/'><img decoding=\"async\" width=\"1170\" height=\"877\" src=\"https:\/\/www.audiokiss.com\/tvlatina\/wp-content\/uploads\/sites\/7\/2025\/12\/Imagen-de-WhatsApp-2025-12-05-a-las-11.40.28_8fe8d5b2.jpg\" class=\"attachment-large size-large\" alt=\"\" srcset=\"https:\/\/www.audiokiss.com\/tvlatina\/wp-content\/uploads\/sites\/7\/2025\/12\/Imagen-de-WhatsApp-2025-12-05-a-las-11.40.28_8fe8d5b2.jpg 1280w, https:\/\/www.audiokiss.com\/tvlatina\/wp-content\/uploads\/sites\/7\/2025\/12\/Imagen-de-WhatsApp-2025-12-05-a-las-11.40.28_8fe8d5b2-756x566.jpg 756w, https:\/\/www.audiokiss.com\/tvlatina\/wp-content\/uploads\/sites\/7\/2025\/12\/Imagen-de-WhatsApp-2025-12-05-a-las-11.40.28_8fe8d5b2-768x575.jpg 768w, https:\/\/www.audiokiss.com\/tvlatina\/wp-content\/uploads\/sites\/7\/2025\/12\/Imagen-de-WhatsApp-2025-12-05-a-las-11.40.28_8fe8d5b2-750x562.jpg 750w, https:\/\/www.audiokiss.com\/tvlatina\/wp-content\/uploads\/sites\/7\/2025\/12\/Imagen-de-WhatsApp-2025-12-05-a-las-11.40.28_8fe8d5b2-1140x854.jpg 1140w\" sizes=\"(max-width: 1170px) 100vw, 1170px\" \/><\/a>\n\t\t\t<\/dt><\/dl><dl class='gallery-item'>\n\t\t\t<dt class='gallery-icon landscape'>\n\t\t\t\t<a href='https:\/\/www.audiokiss.com\/tvlatina\/2025\/12\/09\/sofia-world-vision-y-fundares-impulsan-el-emprendimiento-juvenil-sostenible-a-traves-de-emprende-verde\/imagen-de-whatsapp-2025-12-05-a-las-11-40-26_422253ff\/'><img decoding=\"async\" width=\"1170\" height=\"750\" src=\"https:\/\/www.audiokiss.com\/tvlatina\/wp-content\/uploads\/sites\/7\/2025\/12\/Imagen-de-WhatsApp-2025-12-05-a-las-11.40.26_422253ff.jpg\" class=\"attachment-large size-large\" alt=\"\" srcset=\"https:\/\/www.audiokiss.com\/tvlatina\/wp-content\/uploads\/sites\/7\/2025\/12\/Imagen-de-WhatsApp-2025-12-05-a-las-11.40.26_422253ff.jpg 1280w, https:\/\/www.audiokiss.com\/tvlatina\/wp-content\/uploads\/sites\/7\/2025\/12\/Imagen-de-WhatsApp-2025-12-05-a-las-11.40.26_422253ff-756x485.jpg 756w, https:\/\/www.audiokiss.com\/tvlatina\/wp-content\/uploads\/sites\/7\/2025\/12\/Imagen-de-WhatsApp-2025-12-05-a-las-11.40.26_422253ff-768x493.jpg 768w, https:\/\/www.audiokiss.com\/tvlatina\/wp-content\/uploads\/sites\/7\/2025\/12\/Imagen-de-WhatsApp-2025-12-05-a-las-11.40.26_422253ff-750x481.jpg 750w, https:\/\/www.audiokiss.com\/tvlatina\/wp-content\/uploads\/sites\/7\/2025\/12\/Imagen-de-WhatsApp-2025-12-05-a-las-11.40.26_422253ff-1140x731.jpg 1140w\" sizes=\"(max-width: 1170px) 100vw, 1170px\" \/><\/a>\n\t\t\t<\/dt><\/dl><br style=\"clear: both\" \/><dl class='gallery-item'>\n\t\t\t<dt class='gallery-icon landscape'>\n\t\t\t\t<a href='https:\/\/www.audiokiss.com\/tvlatina\/2025\/12\/09\/sofia-world-vision-y-fundares-impulsan-el-emprendimiento-juvenil-sostenible-a-traves-de-emprende-verde\/imagen-de-whatsapp-2025-12-05-a-las-11-40-26_4c44125a\/'><img loading=\"lazy\" decoding=\"async\" width=\"1170\" height=\"1076\" src=\"https:\/\/www.audiokiss.com\/tvlatina\/wp-content\/uploads\/sites\/7\/2025\/12\/Imagen-de-WhatsApp-2025-12-05-a-las-11.40.26_4c44125a.jpg\" class=\"attachment-large size-large\" alt=\"\" srcset=\"https:\/\/www.audiokiss.com\/tvlatina\/wp-content\/uploads\/sites\/7\/2025\/12\/Imagen-de-WhatsApp-2025-12-05-a-las-11.40.26_4c44125a.jpg 1280w, https:\/\/www.audiokiss.com\/tvlatina\/wp-content\/uploads\/sites\/7\/2025\/12\/Imagen-de-WhatsApp-2025-12-05-a-las-11.40.26_4c44125a-756x695.jpg 756w, https:\/\/www.audiokiss.com\/tvlatina\/wp-content\/uploads\/sites\/7\/2025\/12\/Imagen-de-WhatsApp-2025-12-05-a-las-11.40.26_4c44125a-768x706.jpg 768w, https:\/\/www.audiokiss.com\/tvlatina\/wp-content\/uploads\/sites\/7\/2025\/12\/Imagen-de-WhatsApp-2025-12-05-a-las-11.40.26_4c44125a-750x690.jpg 750w, https:\/\/www.audiokiss.com\/tvlatina\/wp-content\/uploads\/sites\/7\/2025\/12\/Imagen-de-WhatsApp-2025-12-05-a-las-11.40.26_4c44125a-1140x1048.jpg 1140w\" sizes=\"(max-width: 1170px) 100vw, 1170px\" \/><\/a>\n\t\t\t<\/dt><\/dl><dl class='gallery-item'>\n\t\t\t<dt class='gallery-icon landscape'>\n\t\t\t\t<a href='https:\/\/www.audiokiss.com\/tvlatina\/2025\/12\/09\/sofia-world-vision-y-fundares-impulsan-el-emprendimiento-juvenil-sostenible-a-traves-de-emprende-verde\/imagen-de-whatsapp-2025-12-05-a-las-11-40-25_4eb95487\/'><img loading=\"lazy\" decoding=\"async\" width=\"1170\" height=\"940\" src=\"https:\/\/www.audiokiss.com\/tvlatina\/wp-content\/uploads\/sites\/7\/2025\/12\/Imagen-de-WhatsApp-2025-12-05-a-las-11.40.25_4eb95487.jpg\" class=\"attachment-large size-large\" alt=\"\" srcset=\"https:\/\/www.audiokiss.com\/tvlatina\/wp-content\/uploads\/sites\/7\/2025\/12\/Imagen-de-WhatsApp-2025-12-05-a-las-11.40.25_4eb95487.jpg 1280w, https:\/\/www.audiokiss.com\/tvlatina\/wp-content\/uploads\/sites\/7\/2025\/12\/Imagen-de-WhatsApp-2025-12-05-a-las-11.40.25_4eb95487-756x607.jpg 756w, https:\/\/www.audiokiss.com\/tvlatina\/wp-content\/uploads\/sites\/7\/2025\/12\/Imagen-de-WhatsApp-2025-12-05-a-las-11.40.25_4eb95487-768x617.jpg 768w, https:\/\/www.audiokiss.com\/tvlatina\/wp-content\/uploads\/sites\/7\/2025\/12\/Imagen-de-WhatsApp-2025-12-05-a-las-11.40.25_4eb95487-750x602.jpg 750w, https:\/\/www.audiokiss.com\/tvlatina\/wp-content\/uploads\/sites\/7\/2025\/12\/Imagen-de-WhatsApp-2025-12-05-a-las-11.40.25_4eb95487-1140x916.jpg 1140w\" sizes=\"(max-width: 1170px) 100vw, 1170px\" \/><\/a>\n\t\t\t<\/dt><\/dl><dl class='gallery-item'>\n\t\t\t<dt class='gallery-icon landscape'>\n\t\t\t\t<a href='https:\/\/www.audiokiss.com\/tvlatina\/2025\/12\/09\/sofia-world-vision-y-fundares-impulsan-el-emprendimiento-juvenil-sostenible-a-traves-de-emprende-verde\/imagen-de-whatsapp-2025-12-05-a-las-11-40-27_804607e1\/'><img loading=\"lazy\" decoding=\"async\" width=\"1170\" height=\"857\" src=\"https:\/\/www.audiokiss.com\/tvlatina\/wp-content\/uploads\/sites\/7\/2025\/12\/Imagen-de-WhatsApp-2025-12-05-a-las-11.40.27_804607e1.jpg\" class=\"attachment-large size-large\" alt=\"\" srcset=\"https:\/\/www.audiokiss.com\/tvlatina\/wp-content\/uploads\/sites\/7\/2025\/12\/Imagen-de-WhatsApp-2025-12-05-a-las-11.40.27_804607e1.jpg 1280w, https:\/\/www.audiokiss.com\/tvlatina\/wp-content\/uploads\/sites\/7\/2025\/12\/Imagen-de-WhatsApp-2025-12-05-a-las-11.40.27_804607e1-756x554.jpg 756w, https:\/\/www.audiokiss.com\/tvlatina\/wp-content\/uploads\/sites\/7\/2025\/12\/Imagen-de-WhatsApp-2025-12-05-a-las-11.40.27_804607e1-768x563.jpg 768w, https:\/\/www.audiokiss.com\/tvlatina\/wp-content\/uploads\/sites\/7\/2025\/12\/Imagen-de-WhatsApp-2025-12-05-a-las-11.40.27_804607e1-750x550.jpg 750w, https:\/\/www.audiokiss.com\/tvlatina\/wp-content\/uploads\/sites\/7\/2025\/12\/Imagen-de-WhatsApp-2025-12-05-a-las-11.40.27_804607e1-1140x835.jpg 1140w\" sizes=\"(max-width: 1170px) 100vw, 1170px\" \/><\/a>\n\t\t\t<\/dt><\/dl><br style=\"clear: both\" \/>\n\t\t<\/div>\n\n<p>&nbsp;<\/p>\n<p>Adem\u00e1s de la capacitaci\u00f3n t\u00e9cnica, el proyecto incorpor\u00f3 un componente de voluntariado corporativo de arborizaci\u00f3n, donde tanto los j\u00f3venes como colaboradores de Sof\u00eda participaron en actividades de reforestaci\u00f3n, reforzando su compromiso con la protecci\u00f3n del medioambiente y el bienestar de las comunidades locales.<\/p>\n<p>\u201cEn Sof\u00eda creemos que el desarrollo sostenible nace del impulso a las nuevas generaciones. Acompa\u00f1ar a estos j\u00f3venes significa apostar por un futuro donde la innovaci\u00f3n, la sostenibilidad y la responsabilidad social caminen juntas\u201d, destac\u00f3 Edm\u00e9e Hewitt, Gerente de Divisi\u00f3n y Responsabilidad Corporativa de Sof\u00eda Ltda.<\/p>\n<p>El programa concluy\u00f3 el 29 de noviembre con la presentaci\u00f3n de resultados y la certificaci\u00f3n de 22 emprendimientos que culminaron con \u00e9xito la implementaci\u00f3n de las herramientas aprendidas. Este trabajo conjunto entre el sector privado y organizaciones sociales consolida un modelo de cooperaci\u00f3n que potencia el talento juvenil y promueve un crecimiento econ\u00f3mico con prop\u00f3sito.<\/p>\n<p>&nbsp;<\/p>\n","protected":false},"excerpt":{"rendered":"<p>Con el objetivo de fortalecer el liderazgo y la sostenibilidad del ecosistema emprendedor joven, Sof\u00eda Ltda. consolid\u00f3 una alianza con Fundares y World Vision Bolivia para apoyar el programa \u201cEmprende Verde\u201d, una iniciativa que promueve el desarrollo de negocios responsables y sostenibles liderados por j\u00f3venes emprendedores de Cochabamba entre 18 [&hellip;]<\/p>\n","protected":false},"author":4,"featured_media":5322,"comment_status":"closed","ping_status":"closed","sticky":false,"template":"","format":"standard","meta":{"footnotes":""},"categories":[29],"tags":[],"class_list":["post-5321","post","type-post","status-publish","format-standard","has-post-thumbnail","hentry","category-nacional"],"_links":{"self":[{"href":"https:\/\/www.audiokiss.com\/tvlatina\/wp-json\/wp\/v2\/posts\/5321","targetHints":{"allow":["GET"]}}],"collection":[{"href":"https:\/\/www.audiokiss.com\/tvlatina\/wp-json\/wp\/v2\/posts"}],"about":[{"href":"https:\/\/www.audiokiss.com\/tvlatina\/wp-json\/wp\/v2\/types\/post"}],"author":[{"embeddable":true,"href":"https:\/\/www.audiokiss.com\/tvlatina\/wp-json\/wp\/v2\/users\/4"}],"replies":[{"embeddable":true,"href":"https:\/\/www.audiokiss.com\/tvlatina\/wp-json\/wp\/v2\/comments?post=5321"}],"version-history":[{"count":1,"href":"https:\/\/www.audiokiss.com\/tvlatina\/wp-json\/wp\/v2\/posts\/5321\/revisions"}],"predecessor-version":[{"id":5329,"href":"https:\/\/www.audiokiss.com\/tvlatina\/wp-json\/wp\/v2\/posts\/5321\/revisions\/5329"}],"wp:featuredmedia":[{"embeddable":true,"href":"https:\/\/www.audiokiss.com\/tvlatina\/wp-json\/wp\/v2\/media\/5322"}],"wp:attachment":[{"href":"https:\/\/www.audiokiss.com\/tvlatina\/wp-json\/wp\/v2\/media?parent=5321"}],"wp:term":[{"taxonomy":"category","embeddable":true,"href":"https:\/\/www.audiokiss.com\/tvlatina\/wp-json\/wp\/v2\/categories?post=5321"},{"taxonomy":"post_tag","embeddable":true,"href":"https:\/\/www.audiokiss.com\/tvlatina\/wp-json\/wp\/v2\/tags?post=5321"}],"curies":[{"name":"wp","href":"https:\/\/api.w.org\/{rel}","templated":true}]}}